{"id":5778,"date":"2026-09-01T17:05:22","date_gmt":"2026-09-01T17:05:22","guid":{"rendered":"https:\/\/lanotebleue.mc\/?p=5778"},"modified":"2026-09-01T17:08:06","modified_gmt":"2026-09-01T17:08:06","slug":"sir-waldo-weathers-henry-carpaneto-organ-trio-mercredi-14-octobre-20h","status":"publish","type":"post","link":"https:\/\/lanotebleue.mc\/en\/sir-waldo-weathers-henry-carpaneto-organ-trio-mercredi-14-octobre-20h\/","title":{"rendered":"Sir Waldo Weathers <br> &#038; Henry Carpaneto Organ Trio <br> Mercredi 14 octobre 20h"},"content":{"rendered":"<div data-elementor-type=\"wp-post\" data-elementor-id=\"5778\" class=\"elementor elementor-5778\" data-elementor-post-type=\"post\">\n\t\t\t\t\t\t<section class=\"elementor-section elementor-top-section elementor-element elementor-element-27aed36 elementor-section-boxed elementor-section-height-default elementor-section-height-default\" data-id=\"27aed36\" data-element_type=\"section\" data-e-type=\"section\" data-settings=\"{&quot;background_background&quot;:&quot;classic&quot;}\">\n\t\t\t\t\t\t<div class=\"elementor-container elementor-column-gap-default\">\n\t\t\t\t\t<div class=\"elementor-column elementor-col-100 elementor-top-column elementor-element elementor-element-347c9dc\" data-id=\"347c9dc\" data-element_type=\"column\" data-e-type=\"column\">\n\t\t\t<div class=\"elementor-widget-wrap elementor-element-populated\">\n\t\t\t\t\t\t<div class=\"elementor-element elementor-element-d2e27d8 elementor-widget elementor-widget-spacer\" data-id=\"d2e27d8\" data-element_type=\"widget\" data-e-type=\"widget\" data-widget_type=\"spacer.default\">\n\t\t\t\t<div class=\"elementor-widget-container\">\n\t\t\t\t\t\t\t<div class=\"elementor-spacer\">\n\t\t\t<div class=\"elementor-spacer-inner\"><\/div>\n\t\t<\/div>\n\t\t\t\t\t\t<\/div>\n\t\t\t\t<\/div>\n\t\t\t\t<div class=\"elementor-element elementor-element-3536204 elementor-invisible elementor-widget elementor-widget-heading\" data-id=\"3536204\" data-element_type=\"widget\" data-e-type=\"widget\" data-settings=\"{&quot;_animation&quot;:&quot;fadeIn&quot;}\" data-widget_type=\"heading.default\">\n\t\t\t\t<div class=\"elementor-widget-container\">\n\t\t\t\t\t<h1 class=\"elementor-heading-title elementor-size-default\">Sir Waldo Weathers<br>&amp; Henry Carpaneto Organ Trio<\/h1>\t\t\t\t<\/div>\n\t\t\t\t<\/div>\n\t\t\t\t<div class=\"elementor-element elementor-element-164e2f0 elementor-widget elementor-widget-spacer\" data-id=\"164e2f0\" data-element_type=\"widget\" data-e-type=\"widget\" data-widget_type=\"spacer.default\">\n\t\t\t\t<div class=\"elementor-widget-container\">\n\t\t\t\t\t\t\t<div class=\"elementor-spacer\">\n\t\t\t<div class=\"elementor-spacer-inner\"><\/div>\n\t\t<\/div>\n\t\t\t\t\t\t<\/div>\n\t\t\t\t<\/div>\n\t\t\t\t<section class=\"elementor-section elementor-inner-section elementor-element elementor-element-3c1ff32 elementor-section-boxed elementor-section-height-default elementor-section-height-default\" data-id=\"3c1ff32\" data-element_type=\"section\" data-e-type=\"section\">\n\t\t\t\t\t\t<div class=\"elementor-container elementor-column-gap-default\">\n\t\t\t\t\t<div class=\"elementor-column elementor-col-50 elementor-inner-column elementor-element elementor-element-7ba686d\" data-id=\"7ba686d\" data-element_type=\"column\" data-e-type=\"column\">\n\t\t\t<div class=\"elementor-widget-wrap elementor-element-populated\">\n\t\t\t\t\t\t<div class=\"elementor-element elementor-element-7d94685 elementor-widget elementor-widget-image\" data-id=\"7d94685\" data-element_type=\"widget\" data-e-type=\"widget\" data-widget_type=\"image.default\">\n\t\t\t\t<div class=\"elementor-widget-container\">\n\t\t\t\t\t\t\t\t\t\t\t\t\t\t\t<img fetchpriority=\"high\" decoding=\"async\" width=\"1024\" height=\"1024\" src=\"https:\/\/lanotebleue.mc\/wp-content\/uploads\/2026\/08\/5-1-1024x1024.jpg\" class=\"attachment-large size-large wp-image-5695\" alt=\"\" srcset=\"https:\/\/lanotebleue.mc\/wp-content\/uploads\/2026\/08\/5-1-1024x1024.jpg 1024w, https:\/\/lanotebleue.mc\/wp-content\/uploads\/2026\/08\/5-1-300x300.jpg 300w, https:\/\/lanotebleue.mc\/wp-content\/uploads\/2026\/08\/5-1-150x150.jpg 150w, https:\/\/lanotebleue.mc\/wp-content\/uploads\/2026\/08\/5-1-768x768.jpg 768w, https:\/\/lanotebleue.mc\/wp-content\/uploads\/2026\/08\/5-1-12x12.jpg 12w, https:\/\/lanotebleue.mc\/wp-content\/uploads\/2026\/08\/5-1.jpg 1200w\" sizes=\"(max-width: 1024px) 100vw, 1024px\" \/>\t\t\t\t\t\t\t\t\t\t\t\t\t\t\t<\/div>\n\t\t\t\t<\/div>\n\t\t\t\t\t<\/div>\n\t\t<\/div>\n\t\t\t\t<div class=\"elementor-column elementor-col-50 elementor-inner-column elementor-element elementor-element-09e96eb\" data-id=\"09e96eb\" data-element_type=\"column\" data-e-type=\"column\">\n\t\t\t<div class=\"elementor-widget-wrap elementor-element-populated\">\n\t\t\t\t\t\t<div class=\"elementor-element elementor-element-e25540d elementor-invisible elementor-widget elementor-widget-heading\" data-id=\"e25540d\" data-element_type=\"widget\" data-e-type=\"widget\" data-settings=\"{&quot;_animation&quot;:&quot;fadeIn&quot;}\" data-widget_type=\"heading.default\">\n\t\t\t\t<div class=\"elementor-widget-container\">\n\t\t\t\t\t<h2 class=\"elementor-heading-title elementor-size-large\">Mercredi 14 octobre - 20h<\/h2>\t\t\t\t<\/div>\n\t\t\t\t<\/div>\n\t\t\t\t<div class=\"elementor-element elementor-element-5d48bd7 elementor-widget elementor-widget-text-editor\" data-id=\"5d48bd7\" data-element_type=\"widget\" data-e-type=\"widget\" data-widget_type=\"text-editor.default\">\n\t\t\t\t<div class=\"elementor-widget-container\">\n\t\t\t\t\t\t\t\t\t<p><strong>Funk, Blues<\/strong><\/p><p><span style=\"font-family: var( --e-global-typography-text-font-family ), Sans-serif; font-size: 1rem;\">Saxophoniste de l\u00e9gende renomm\u00e9 pour sa longue collaboration avec James Brown et le James Brown Band, Sir Waldo Weathers, aussi surnomm\u00e9 le \u2018Pape du Funk!\u2019 collabore cette fois avec le Henry Carpaneto Organ Trio pour une soir\u00e9e so funky and bluesy. En bonus, notre h\u00e9ro local de la batterie Luigi Arieta (The Groovyboyz) ajoute son groove imparable au quartet pour une soir\u00e9e tr\u00e8s tr\u00e8s soulful.<\/span><\/p><p><a href=\"https:\/\/www.instagram.com\/sir_waldoweathers?igsi=MTg0Y3I2aDN3OGthdA==\" target=\"_blank\" rel=\"noopener\">Watch on Instagram<\/a><\/p><p><a href=\"https:\/\/youtube.com\/@waldoweathers?si=ZNtfd0THHmt1Ixrp\" target=\"_blank\" rel=\"noopener\">Watch on Youtube<\/a><\/p><p><span style=\"font-family: var( --e-global-typography-text-font-family ), Sans-serif; font-size: 1rem;\">\u00a0<\/span><\/p>\t\t\t\t\t\t\t\t<\/div>\n\t\t\t\t<\/div>\n\t\t\t\t\t<\/div>\n\t\t<\/div>\n\t\t\t\t\t<\/div>\n\t\t<\/section>\n\t\t\t\t\t<\/div>\n\t\t<\/div>\n\t\t\t\t\t<\/div>\n\t\t<\/section>\n\t\t\t\t<\/div>","protected":false},"excerpt":{"rendered":"<p>Sir Waldo Weathers&amp; Henry Carpaneto Organ Trio Mercredi 14 octobre &#8211; 20h Funk, Blues Saxophoniste de l\u00e9gende renomm\u00e9 pour sa longue collaboration avec James Brown et le James Brown Band, Sir Waldo Weathers, aussi surnomm\u00e9 le \u2018Pape du Funk!\u2019 collabore cette fois avec le Henry Carpaneto Organ Trio pour une soir\u00e9e so funky and bluesy. [&hellip;]<\/p>\n","protected":false},"author":5,"featured_media":5695,"comment_status":"closed","ping_status":"closed","sticky":false,"template":"elementor_header_footer","format":"standard","meta":{"site-sidebar-layout":"default","site-content-layout":"","ast-site-content-layout":"default","site-content-style":"default","site-sidebar-style":"default","ast-global-header-display":"","ast-banner-title-visibility":"","ast-main-header-display":"","ast-hfb-above-header-display":"","ast-hfb-below-header-display":"","ast-hfb-mobile-header-display":"","site-post-title":"","ast-breadcrumbs-content":"","ast-featured-img":"","footer-sml-layout":"","theme-transparent-header-meta":"","adv-header-id-meta":"","stick-header-meta":"","header-above-stick-meta":"","header-main-stick-meta":"","header-below-stick-meta":"","astra-migrate-meta-layouts":"set","ast-page-background-enabled":"default","ast-page-background-meta":{"desktop":{"background-color":"","background-image":"","background-repeat":"repeat","background-position":"center center","background-size":"auto","background-attachment":"scroll","background-type":"","background-media":"","overlay-type":"","overlay-color":"","overlay-opacity":"","overlay-gradient":""},"tablet":{"background-color":"","background-image":"","background-repeat":"repeat","background-position":"center center","background-size":"auto","background-attachment":"scroll","background-type":"","background-media":"","overlay-type":"","overlay-color":"","overlay-opacity":"","overlay-gradient":""},"mobile":{"background-color":"","background-image":"","background-repeat":"repeat","background-position":"center center","background-size":"auto","background-attachment":"scroll","background-type":"","background-media":"","overlay-type":"","overlay-color":"","overlay-opacity":"","overlay-gradient":""}},"ast-content-background-meta":{"desktop":{"background-color":"var(--ast-global-color-5)","background-image":"","background-repeat":"repeat","background-position":"center center","background-size":"auto","background-attachment":"scroll","background-type":"","background-media":"","overlay-type":"","overlay-color":"","overlay-opacity":"","overlay-gradient":""},"tablet":{"background-color":"var(--ast-global-color-5)","background-image":"","background-repeat":"repeat","background-position":"center center","background-size":"auto","background-attachment":"scroll","background-type":"","background-media":"","overlay-type":"","overlay-color":"","overlay-opacity":"","overlay-gradient":""},"mobile":{"background-color":"var(--ast-global-color-5)","background-image":"","background-repeat":"repeat","background-position":"center center","background-size":"auto","background-attachment":"scroll","background-type":"","background-media":"","overlay-type":"","overlay-color":"","overlay-opacity":"","overlay-gradient":""}},"footnotes":""},"categories":[14],"tags":[],"class_list":["post-5778","post","type-post","status-publish","format-standard","has-post-thumbnail","hentry","category-les-mercredis-live"],"yoast_head":"<!-- This site is optimized with the Yoast SEO plugin v28.4 - https:\/\/yoast.com\/product\/yoast-seo-wordpress\/ -->\n<title>Sir Waldo Weathers  &amp; Henry Carpaneto Organ Trio  Mercredi 14 octobre 20h - La note bleue<\/title>\n<meta name=\"robots\" content=\"index, follow, max-snippet:-1, max-image-preview:large, max-video-preview:-1\" \/>\n<link rel=\"canonical\" href=\"https:\/\/lanotebleue.mc\/en\/sir-waldo-weathers-henry-carpaneto-organ-trio-mercredi-14-octobre-20h\/\" \/>\n<meta property=\"og:locale\" content=\"en_GB\" \/>\n<meta property=\"og:type\" content=\"article\" \/>\n<meta property=\"og:title\" content=\"Sir Waldo Weathers  &amp; Henry Carpaneto Organ Trio  Mercredi 14 octobre 20h - La note bleue\" \/>\n<meta property=\"og:description\" content=\"Sir Waldo Weathers&amp; Henry Carpaneto Organ Trio Mercredi 14 octobre &#8211; 20h Funk, Blues Saxophoniste de l\u00e9gende renomm\u00e9 pour sa longue collaboration avec James Brown et le James Brown Band, Sir Waldo Weathers, aussi surnomm\u00e9 le \u2018Pape du Funk!\u2019 collabore cette fois avec le Henry Carpaneto Organ Trio pour une soir\u00e9e so funky and bluesy. [&hellip;]\" \/>\n<meta property=\"og:url\" content=\"https:\/\/lanotebleue.mc\/en\/sir-waldo-weathers-henry-carpaneto-organ-trio-mercredi-14-octobre-20h\/\" \/>\n<meta property=\"og:site_name\" content=\"La note bleue\" \/>\n<meta property=\"article:published_time\" content=\"2026-09-01T17:05:22+00:00\" \/>\n<meta property=\"article:modified_time\" content=\"2026-09-01T17:08:06+00:00\" \/>\n<meta property=\"og:image\" content=\"https:\/\/lanotebleue.mc\/wp-content\/uploads\/2026\/08\/5-1.jpg\" \/>\n\t<meta property=\"og:image:width\" content=\"1200\" \/>\n\t<meta property=\"og:image:height\" content=\"1200\" \/>\n\t<meta property=\"og:image:type\" content=\"image\/jpeg\" \/>\n<meta name=\"author\" content=\"lisa\" \/>\n<meta name=\"twitter:card\" content=\"summary_large_image\" \/>\n<meta name=\"twitter:label1\" content=\"Written by\" \/>\n\t<meta name=\"twitter:data1\" content=\"lisa\" \/>\n\t<meta name=\"twitter:label2\" content=\"Estimated reading time\" \/>\n\t<meta name=\"twitter:data2\" content=\"1 minute\" \/>\n<script type=\"application\/ld+json\" class=\"yoast-schema-graph\">{\"@context\":\"https:\\\/\\\/schema.org\",\"@graph\":[{\"@type\":\"Article\",\"@id\":\"https:\\\/\\\/lanotebleue.mc\\\/sir-waldo-weathers-henry-carpaneto-organ-trio-mercredi-14-octobre-20h\\\/#article\",\"isPartOf\":{\"@id\":\"https:\\\/\\\/lanotebleue.mc\\\/sir-waldo-weathers-henry-carpaneto-organ-trio-mercredi-14-octobre-20h\\\/\"},\"author\":{\"name\":\"lisa\",\"@id\":\"https:\\\/\\\/lanotebleue.mc\\\/#\\\/schema\\\/person\\\/908d81eab10bba00ae33b69f5d2e4a1b\"},\"headline\":\"Sir Waldo Weathers &#038; Henry Carpaneto Organ Trio Mercredi 14 octobre 20h\",\"datePublished\":\"2026-09-01T17:05:22+00:00\",\"dateModified\":\"2026-09-01T17:08:06+00:00\",\"mainEntityOfPage\":{\"@id\":\"https:\\\/\\\/lanotebleue.mc\\\/sir-waldo-weathers-henry-carpaneto-organ-trio-mercredi-14-octobre-20h\\\/\"},\"wordCount\":101,\"publisher\":{\"@id\":\"https:\\\/\\\/lanotebleue.mc\\\/#organization\"},\"image\":{\"@id\":\"https:\\\/\\\/lanotebleue.mc\\\/sir-waldo-weathers-henry-carpaneto-organ-trio-mercredi-14-octobre-20h\\\/#primaryimage\"},\"thumbnailUrl\":\"https:\\\/\\\/lanotebleue.mc\\\/wp-content\\\/uploads\\\/2026\\\/08\\\/5-1.jpg\",\"articleSection\":[\"Les mercredis live\"],\"inLanguage\":\"en-GB\"},{\"@type\":\"WebPage\",\"@id\":\"https:\\\/\\\/lanotebleue.mc\\\/sir-waldo-weathers-henry-carpaneto-organ-trio-mercredi-14-octobre-20h\\\/\",\"url\":\"https:\\\/\\\/lanotebleue.mc\\\/sir-waldo-weathers-henry-carpaneto-organ-trio-mercredi-14-octobre-20h\\\/\",\"name\":\"Sir Waldo Weathers & Henry Carpaneto Organ Trio Mercredi 14 octobre 20h - La note bleue\",\"isPartOf\":{\"@id\":\"https:\\\/\\\/lanotebleue.mc\\\/#website\"},\"primaryImageOfPage\":{\"@id\":\"https:\\\/\\\/lanotebleue.mc\\\/sir-waldo-weathers-henry-carpaneto-organ-trio-mercredi-14-octobre-20h\\\/#primaryimage\"},\"image\":{\"@id\":\"https:\\\/\\\/lanotebleue.mc\\\/sir-waldo-weathers-henry-carpaneto-organ-trio-mercredi-14-octobre-20h\\\/#primaryimage\"},\"thumbnailUrl\":\"https:\\\/\\\/lanotebleue.mc\\\/wp-content\\\/uploads\\\/2026\\\/08\\\/5-1.jpg\",\"datePublished\":\"2026-09-01T17:05:22+00:00\",\"dateModified\":\"2026-09-01T17:08:06+00:00\",\"breadcrumb\":{\"@id\":\"https:\\\/\\\/lanotebleue.mc\\\/sir-waldo-weathers-henry-carpaneto-organ-trio-mercredi-14-octobre-20h\\\/#breadcrumb\"},\"inLanguage\":\"en-GB\",\"potentialAction\":[{\"@type\":\"ReadAction\",\"target\":[\"https:\\\/\\\/lanotebleue.mc\\\/sir-waldo-weathers-henry-carpaneto-organ-trio-mercredi-14-octobre-20h\\\/\"]}]},{\"@type\":\"ImageObject\",\"inLanguage\":\"en-GB\",\"@id\":\"https:\\\/\\\/lanotebleue.mc\\\/sir-waldo-weathers-henry-carpaneto-organ-trio-mercredi-14-octobre-20h\\\/#primaryimage\",\"url\":\"https:\\\/\\\/lanotebleue.mc\\\/wp-content\\\/uploads\\\/2026\\\/08\\\/5-1.jpg\",\"contentUrl\":\"https:\\\/\\\/lanotebleue.mc\\\/wp-content\\\/uploads\\\/2026\\\/08\\\/5-1.jpg\",\"width\":1200,\"height\":1200},{\"@type\":\"BreadcrumbList\",\"@id\":\"https:\\\/\\\/lanotebleue.mc\\\/sir-waldo-weathers-henry-carpaneto-organ-trio-mercredi-14-octobre-20h\\\/#breadcrumb\",\"itemListElement\":[{\"@type\":\"ListItem\",\"position\":1,\"name\":\"Accueil\",\"item\":\"https:\\\/\\\/lanotebleue.mc\\\/\"},{\"@type\":\"ListItem\",\"position\":2,\"name\":\"Sir Waldo Weathers &#038; Henry Carpaneto Organ Trio Mercredi 14 octobre 20h\"}]},{\"@type\":\"WebSite\",\"@id\":\"https:\\\/\\\/lanotebleue.mc\\\/#website\",\"url\":\"https:\\\/\\\/lanotebleue.mc\\\/\",\"name\":\"La note bleue\",\"description\":\"\",\"publisher\":{\"@id\":\"https:\\\/\\\/lanotebleue.mc\\\/#organization\"},\"potentialAction\":[{\"@type\":\"SearchAction\",\"target\":{\"@type\":\"EntryPoint\",\"urlTemplate\":\"https:\\\/\\\/lanotebleue.mc\\\/?s={search_term_string}\"},\"query-input\":{\"@type\":\"PropertyValueSpecification\",\"valueRequired\":true,\"valueName\":\"search_term_string\"}}],\"inLanguage\":\"en-GB\"},{\"@type\":\"Organization\",\"@id\":\"https:\\\/\\\/lanotebleue.mc\\\/#organization\",\"name\":\"La note bleue\",\"url\":\"https:\\\/\\\/lanotebleue.mc\\\/\",\"logo\":{\"@type\":\"ImageObject\",\"inLanguage\":\"en-GB\",\"@id\":\"https:\\\/\\\/lanotebleue.mc\\\/#\\\/schema\\\/logo\\\/image\\\/\",\"url\":\"https:\\\/\\\/lanotebleue.mc\\\/wp-content\\\/uploads\\\/2021\\\/11\\\/cropped-logo-LNB.png\",\"contentUrl\":\"https:\\\/\\\/lanotebleue.mc\\\/wp-content\\\/uploads\\\/2021\\\/11\\\/cropped-logo-LNB.png\",\"width\":798,\"height\":70,\"caption\":\"La note bleue\"},\"image\":{\"@id\":\"https:\\\/\\\/lanotebleue.mc\\\/#\\\/schema\\\/logo\\\/image\\\/\"}},{\"@type\":\"Person\",\"@id\":\"https:\\\/\\\/lanotebleue.mc\\\/#\\\/schema\\\/person\\\/908d81eab10bba00ae33b69f5d2e4a1b\",\"name\":\"lisa\",\"image\":{\"@type\":\"ImageObject\",\"inLanguage\":\"en-GB\",\"@id\":\"https:\\\/\\\/secure.gravatar.com\\\/avatar\\\/cda2dc77cd961977dfceec7ea02adeeac0b08f00b758830ed931cd4feb23cb2a?s=96&d=mm&r=g\",\"url\":\"https:\\\/\\\/secure.gravatar.com\\\/avatar\\\/cda2dc77cd961977dfceec7ea02adeeac0b08f00b758830ed931cd4feb23cb2a?s=96&d=mm&r=g\",\"contentUrl\":\"https:\\\/\\\/secure.gravatar.com\\\/avatar\\\/cda2dc77cd961977dfceec7ea02adeeac0b08f00b758830ed931cd4feb23cb2a?s=96&d=mm&r=g\",\"caption\":\"lisa\"},\"url\":\"https:\\\/\\\/lanotebleue.mc\\\/en\\\/author\\\/lisa\\\/\"}]}<\/script>\n<!-- \/ Yoast SEO plugin. -->","yoast_head_json":{"title":"Sir Waldo Weathers  & Henry Carpaneto Organ Trio  Mercredi 14 octobre 20h - La note bleue","robots":{"index":"index","follow":"follow","max-snippet":"max-snippet:-1","max-image-preview":"max-image-preview:large","max-video-preview":"max-video-preview:-1"},"canonical":"https:\/\/lanotebleue.mc\/en\/sir-waldo-weathers-henry-carpaneto-organ-trio-mercredi-14-octobre-20h\/","og_locale":"en_GB","og_type":"article","og_title":"Sir Waldo Weathers  & Henry Carpaneto Organ Trio  Mercredi 14 octobre 20h - La note bleue","og_description":"Sir Waldo Weathers&amp; Henry Carpaneto Organ Trio Mercredi 14 octobre &#8211; 20h Funk, Blues Saxophoniste de l\u00e9gende renomm\u00e9 pour sa longue collaboration avec James Brown et le James Brown Band, Sir Waldo Weathers, aussi surnomm\u00e9 le \u2018Pape du Funk!\u2019 collabore cette fois avec le Henry Carpaneto Organ Trio pour une soir\u00e9e so funky and bluesy. [&hellip;]","og_url":"https:\/\/lanotebleue.mc\/en\/sir-waldo-weathers-henry-carpaneto-organ-trio-mercredi-14-octobre-20h\/","og_site_name":"La note bleue","article_published_time":"2026-09-01T17:05:22+00:00","article_modified_time":"2026-09-01T17:08:06+00:00","og_image":[{"width":1200,"height":1200,"url":"https:\/\/lanotebleue.mc\/wp-content\/uploads\/2026\/08\/5-1.jpg","type":"image\/jpeg"}],"author":"lisa","twitter_card":"summary_large_image","twitter_misc":{"Written by":"lisa","Estimated reading time":"1 minute"},"schema":{"@context":"https:\/\/schema.org","@graph":[{"@type":"Article","@id":"https:\/\/lanotebleue.mc\/sir-waldo-weathers-henry-carpaneto-organ-trio-mercredi-14-octobre-20h\/#article","isPartOf":{"@id":"https:\/\/lanotebleue.mc\/sir-waldo-weathers-henry-carpaneto-organ-trio-mercredi-14-octobre-20h\/"},"author":{"name":"lisa","@id":"https:\/\/lanotebleue.mc\/#\/schema\/person\/908d81eab10bba00ae33b69f5d2e4a1b"},"headline":"Sir Waldo Weathers &#038; Henry Carpaneto Organ Trio Mercredi 14 octobre 20h","datePublished":"2026-09-01T17:05:22+00:00","dateModified":"2026-09-01T17:08:06+00:00","mainEntityOfPage":{"@id":"https:\/\/lanotebleue.mc\/sir-waldo-weathers-henry-carpaneto-organ-trio-mercredi-14-octobre-20h\/"},"wordCount":101,"publisher":{"@id":"https:\/\/lanotebleue.mc\/#organization"},"image":{"@id":"https:\/\/lanotebleue.mc\/sir-waldo-weathers-henry-carpaneto-organ-trio-mercredi-14-octobre-20h\/#primaryimage"},"thumbnailUrl":"https:\/\/lanotebleue.mc\/wp-content\/uploads\/2026\/08\/5-1.jpg","articleSection":["Les mercredis live"],"inLanguage":"en-GB"},{"@type":"WebPage","@id":"https:\/\/lanotebleue.mc\/sir-waldo-weathers-henry-carpaneto-organ-trio-mercredi-14-octobre-20h\/","url":"https:\/\/lanotebleue.mc\/sir-waldo-weathers-henry-carpaneto-organ-trio-mercredi-14-octobre-20h\/","name":"Sir Waldo Weathers & Henry Carpaneto Organ Trio Mercredi 14 octobre 20h - La note bleue","isPartOf":{"@id":"https:\/\/lanotebleue.mc\/#website"},"primaryImageOfPage":{"@id":"https:\/\/lanotebleue.mc\/sir-waldo-weathers-henry-carpaneto-organ-trio-mercredi-14-octobre-20h\/#primaryimage"},"image":{"@id":"https:\/\/lanotebleue.mc\/sir-waldo-weathers-henry-carpaneto-organ-trio-mercredi-14-octobre-20h\/#primaryimage"},"thumbnailUrl":"https:\/\/lanotebleue.mc\/wp-content\/uploads\/2026\/08\/5-1.jpg","datePublished":"2026-09-01T17:05:22+00:00","dateModified":"2026-09-01T17:08:06+00:00","breadcrumb":{"@id":"https:\/\/lanotebleue.mc\/sir-waldo-weathers-henry-carpaneto-organ-trio-mercredi-14-octobre-20h\/#breadcrumb"},"inLanguage":"en-GB","potentialAction":[{"@type":"ReadAction","target":["https:\/\/lanotebleue.mc\/sir-waldo-weathers-henry-carpaneto-organ-trio-mercredi-14-octobre-20h\/"]}]},{"@type":"ImageObject","inLanguage":"en-GB","@id":"https:\/\/lanotebleue.mc\/sir-waldo-weathers-henry-carpaneto-organ-trio-mercredi-14-octobre-20h\/#primaryimage","url":"https:\/\/lanotebleue.mc\/wp-content\/uploads\/2026\/08\/5-1.jpg","contentUrl":"https:\/\/lanotebleue.mc\/wp-content\/uploads\/2026\/08\/5-1.jpg","width":1200,"height":1200},{"@type":"BreadcrumbList","@id":"https:\/\/lanotebleue.mc\/sir-waldo-weathers-henry-carpaneto-organ-trio-mercredi-14-octobre-20h\/#breadcrumb","itemListElement":[{"@type":"ListItem","position":1,"name":"Accueil","item":"https:\/\/lanotebleue.mc\/"},{"@type":"ListItem","position":2,"name":"Sir Waldo Weathers &#038; Henry Carpaneto Organ Trio Mercredi 14 octobre 20h"}]},{"@type":"WebSite","@id":"https:\/\/lanotebleue.mc\/#website","url":"https:\/\/lanotebleue.mc\/","name":"La note bleue","description":"","publisher":{"@id":"https:\/\/lanotebleue.mc\/#organization"},"potentialAction":[{"@type":"SearchAction","target":{"@type":"EntryPoint","urlTemplate":"https:\/\/lanotebleue.mc\/?s={search_term_string}"},"query-input":{"@type":"PropertyValueSpecification","valueRequired":true,"valueName":"search_term_string"}}],"inLanguage":"en-GB"},{"@type":"Organization","@id":"https:\/\/lanotebleue.mc\/#organization","name":"La note bleue","url":"https:\/\/lanotebleue.mc\/","logo":{"@type":"ImageObject","inLanguage":"en-GB","@id":"https:\/\/lanotebleue.mc\/#\/schema\/logo\/image\/","url":"https:\/\/lanotebleue.mc\/wp-content\/uploads\/2021\/11\/cropped-logo-LNB.png","contentUrl":"https:\/\/lanotebleue.mc\/wp-content\/uploads\/2021\/11\/cropped-logo-LNB.png","width":798,"height":70,"caption":"La note bleue"},"image":{"@id":"https:\/\/lanotebleue.mc\/#\/schema\/logo\/image\/"}},{"@type":"Person","@id":"https:\/\/lanotebleue.mc\/#\/schema\/person\/908d81eab10bba00ae33b69f5d2e4a1b","name":"lisa","image":{"@type":"ImageObject","inLanguage":"en-GB","@id":"https:\/\/secure.gravatar.com\/avatar\/cda2dc77cd961977dfceec7ea02adeeac0b08f00b758830ed931cd4feb23cb2a?s=96&d=mm&r=g","url":"https:\/\/secure.gravatar.com\/avatar\/cda2dc77cd961977dfceec7ea02adeeac0b08f00b758830ed931cd4feb23cb2a?s=96&d=mm&r=g","contentUrl":"https:\/\/secure.gravatar.com\/avatar\/cda2dc77cd961977dfceec7ea02adeeac0b08f00b758830ed931cd4feb23cb2a?s=96&d=mm&r=g","caption":"lisa"},"url":"https:\/\/lanotebleue.mc\/en\/author\/lisa\/"}]}},"_links":{"self":[{"href":"https:\/\/lanotebleue.mc\/en\/wp-json\/wp\/v2\/posts\/5778","targetHints":{"allow":["GET"]}}],"collection":[{"href":"https:\/\/lanotebleue.mc\/en\/wp-json\/wp\/v2\/posts"}],"about":[{"href":"https:\/\/lanotebleue.mc\/en\/wp-json\/wp\/v2\/types\/post"}],"author":[{"embeddable":true,"href":"https:\/\/lanotebleue.mc\/en\/wp-json\/wp\/v2\/users\/5"}],"replies":[{"embeddable":true,"href":"https:\/\/lanotebleue.mc\/en\/wp-json\/wp\/v2\/comments?post=5778"}],"version-history":[{"count":4,"href":"https:\/\/lanotebleue.mc\/en\/wp-json\/wp\/v2\/posts\/5778\/revisions"}],"predecessor-version":[{"id":5782,"href":"https:\/\/lanotebleue.mc\/en\/wp-json\/wp\/v2\/posts\/5778\/revisions\/5782"}],"wp:featuredmedia":[{"embeddable":true,"href":"https:\/\/lanotebleue.mc\/en\/wp-json\/wp\/v2\/media\/5695"}],"wp:attachment":[{"href":"https:\/\/lanotebleue.mc\/en\/wp-json\/wp\/v2\/media?parent=5778"}],"wp:term":[{"taxonomy":"category","embeddable":true,"href":"https:\/\/lanotebleue.mc\/en\/wp-json\/wp\/v2\/categories?post=5778"},{"taxonomy":"post_tag","embeddable":true,"href":"https:\/\/lanotebleue.mc\/en\/wp-json\/wp\/v2\/tags?post=5778"}],"curies":[{"name":"wp","href":"https:\/\/api.w.org\/{rel}","templated":true}]}}