{"id":4180,"date":"2024-08-21T14:52:31","date_gmt":"2024-08-21T14:52:31","guid":{"rendered":"https:\/\/lanotebleue.mc\/?p=4180"},"modified":"2025-04-03T14:42:27","modified_gmt":"2025-04-03T14:42:27","slug":"the-kareem-kandi-world-orchestra","status":"publish","type":"post","link":"https:\/\/lanotebleue.mc\/en\/the-kareem-kandi-world-orchestra\/","title":{"rendered":"The Kareem Kandi World Orchestra <br> Mercredi 19 mars 20h"},"content":{"rendered":"<div data-elementor-type=\"wp-post\" data-elementor-id=\"4180\" class=\"elementor elementor-4180\" data-elementor-post-type=\"post\">\n\t\t\t\t\t\t<section class=\"elementor-section elementor-top-section elementor-element elementor-element-27aed36 elementor-section-boxed elementor-section-height-default elementor-section-height-default\" data-id=\"27aed36\" data-element_type=\"section\" data-e-type=\"section\" data-settings=\"{&quot;background_background&quot;:&quot;classic&quot;}\">\n\t\t\t\t\t\t<div class=\"elementor-container elementor-column-gap-default\">\n\t\t\t\t\t<div class=\"elementor-column elementor-col-100 elementor-top-column elementor-element elementor-element-347c9dc\" data-id=\"347c9dc\" data-element_type=\"column\" data-e-type=\"column\">\n\t\t\t<div class=\"elementor-widget-wrap elementor-element-populated\">\n\t\t\t\t\t\t<div class=\"elementor-element elementor-element-d2e27d8 elementor-widget elementor-widget-spacer\" data-id=\"d2e27d8\" data-element_type=\"widget\" data-e-type=\"widget\" data-widget_type=\"spacer.default\">\n\t\t\t\t<div class=\"elementor-widget-container\">\n\t\t\t\t\t\t\t<div class=\"elementor-spacer\">\n\t\t\t<div class=\"elementor-spacer-inner\"><\/div>\n\t\t<\/div>\n\t\t\t\t\t\t<\/div>\n\t\t\t\t<\/div>\n\t\t\t\t<div class=\"elementor-element elementor-element-3536204 elementor-invisible elementor-widget elementor-widget-heading\" data-id=\"3536204\" data-element_type=\"widget\" data-e-type=\"widget\" data-settings=\"{&quot;_animation&quot;:&quot;fadeIn&quot;}\" data-widget_type=\"heading.default\">\n\t\t\t\t<div class=\"elementor-widget-container\">\n\t\t\t\t\t<h1 class=\"elementor-heading-title elementor-size-default\">The Kareem Kandi World Orchestra<\/h1>\t\t\t\t<\/div>\n\t\t\t\t<\/div>\n\t\t\t\t<div class=\"elementor-element elementor-element-164e2f0 elementor-widget elementor-widget-spacer\" data-id=\"164e2f0\" data-element_type=\"widget\" data-e-type=\"widget\" data-widget_type=\"spacer.default\">\n\t\t\t\t<div class=\"elementor-widget-container\">\n\t\t\t\t\t\t\t<div class=\"elementor-spacer\">\n\t\t\t<div class=\"elementor-spacer-inner\"><\/div>\n\t\t<\/div>\n\t\t\t\t\t\t<\/div>\n\t\t\t\t<\/div>\n\t\t\t\t<section class=\"elementor-section elementor-inner-section elementor-element elementor-element-3c1ff32 elementor-section-boxed elementor-section-height-default elementor-section-height-default\" data-id=\"3c1ff32\" data-element_type=\"section\" data-e-type=\"section\">\n\t\t\t\t\t\t<div class=\"elementor-container elementor-column-gap-default\">\n\t\t\t\t\t<div class=\"elementor-column elementor-col-50 elementor-inner-column elementor-element elementor-element-7ba686d\" data-id=\"7ba686d\" data-element_type=\"column\" data-e-type=\"column\">\n\t\t\t<div class=\"elementor-widget-wrap elementor-element-populated\">\n\t\t\t\t\t\t<div class=\"elementor-element elementor-element-7d94685 elementor-widget elementor-widget-image\" data-id=\"7d94685\" data-element_type=\"widget\" data-e-type=\"widget\" data-widget_type=\"image.default\">\n\t\t\t\t<div class=\"elementor-widget-container\">\n\t\t\t\t\t\t\t\t\t\t\t\t\t\t\t<img fetchpriority=\"high\" decoding=\"async\" width=\"1024\" height=\"1024\" src=\"https:\/\/lanotebleue.mc\/wp-content\/uploads\/2024\/08\/CARRE-SITE-MARS-KAREEM-KANDI-1024x1024.jpg\" class=\"attachment-large size-large wp-image-4303\" alt=\"\" srcset=\"https:\/\/lanotebleue.mc\/wp-content\/uploads\/2024\/08\/CARRE-SITE-MARS-KAREEM-KANDI-1024x1024.jpg 1024w, https:\/\/lanotebleue.mc\/wp-content\/uploads\/2024\/08\/CARRE-SITE-MARS-KAREEM-KANDI-300x300.jpg 300w, https:\/\/lanotebleue.mc\/wp-content\/uploads\/2024\/08\/CARRE-SITE-MARS-KAREEM-KANDI-150x150.jpg 150w, https:\/\/lanotebleue.mc\/wp-content\/uploads\/2024\/08\/CARRE-SITE-MARS-KAREEM-KANDI-768x768.jpg 768w, https:\/\/lanotebleue.mc\/wp-content\/uploads\/2024\/08\/CARRE-SITE-MARS-KAREEM-KANDI-12x12.jpg 12w, https:\/\/lanotebleue.mc\/wp-content\/uploads\/2024\/08\/CARRE-SITE-MARS-KAREEM-KANDI.jpg 1200w\" sizes=\"(max-width: 1024px) 100vw, 1024px\" \/>\t\t\t\t\t\t\t\t\t\t\t\t\t\t\t<\/div>\n\t\t\t\t<\/div>\n\t\t\t\t\t<\/div>\n\t\t<\/div>\n\t\t\t\t<div class=\"elementor-column elementor-col-50 elementor-inner-column elementor-element elementor-element-09e96eb\" data-id=\"09e96eb\" data-element_type=\"column\" data-e-type=\"column\">\n\t\t\t<div class=\"elementor-widget-wrap elementor-element-populated\">\n\t\t\t\t\t\t<div class=\"elementor-element elementor-element-e25540d elementor-invisible elementor-widget elementor-widget-heading\" data-id=\"e25540d\" data-element_type=\"widget\" data-e-type=\"widget\" data-settings=\"{&quot;_animation&quot;:&quot;fadeIn&quot;}\" data-widget_type=\"heading.default\">\n\t\t\t\t<div class=\"elementor-widget-container\">\n\t\t\t\t\t<h2 class=\"elementor-heading-title elementor-size-large\">Wednesday March 19 - 8 p.m.<\/h2>\t\t\t\t<\/div>\n\t\t\t\t<\/div>\n\t\t\t\t<div class=\"elementor-element elementor-element-5d48bd7 elementor-widget elementor-widget-text-editor\" data-id=\"5d48bd7\" data-element_type=\"widget\" data-e-type=\"widget\" data-widget_type=\"text-editor.default\">\n\t\t\t\t<div class=\"elementor-widget-container\">\n\t\t\t\t\t\t\t\t\t<p class=\"p1\"><span class=\"s1\"><b>Jazz<\/b><\/span><\/p>\n<p class=\"p1\"><span class=\"s1\">Thanks to a quick stint in the South of France, La Note Bleue is able to present seasoned and renowned musician Kareem Kandi on our stage. A musical globe trotter, music teacher and composer, Kareem\u2019s wide experience allows him to present a sound that is definitely anchored in the traditions of Jazz, Blues, Classical &amp; Funk while always looking forward towards new interpretations and contemporary styles. <\/span><\/p>\t\t\t\t\t\t\t\t<\/div>\n\t\t\t\t<\/div>\n\t\t\t\t\t<\/div>\n\t\t<\/div>\n\t\t\t\t\t<\/div>\n\t\t<\/section>\n\t\t\t\t\t<\/div>\n\t\t<\/div>\n\t\t\t\t\t<\/div>\n\t\t<\/section>\n\t\t\t\t<\/div>","protected":false},"excerpt":{"rendered":"<p>The Kareem Kandi World Orchestra Mercredi 19 mars &#8211; 20h Jazz En passage furtif dans le Sud pour donner une masterclass, Kareem Kandi nous fais l\u2019honneur de pr\u00e9senter sa musique dans un format live enracin\u00e9 dans les traditions du Jazz, du Blues, du Classique et du Funk avec bien s\u00fbr un regard tourn\u00e9 vers l\u2019avant [&hellip;]<\/p>\n","protected":false},"author":3,"featured_media":4303,"comment_status":"closed","ping_status":"closed","sticky":false,"template":"elementor_header_footer","format":"standard","meta":{"site-sidebar-layout":"default","site-content-layout":"","ast-site-content-layout":"default","site-content-style":"default","site-sidebar-style":"default","ast-global-header-display":"","ast-banner-title-visibility":"","ast-main-header-display":"","ast-hfb-above-header-display":"","ast-hfb-below-header-display":"","ast-hfb-mobile-header-display":"","site-post-title":"","ast-breadcrumbs-content":"","ast-featured-img":"","footer-sml-layout":"","theme-transparent-header-meta":"","adv-header-id-meta":"","stick-header-meta":"","header-above-stick-meta":"","header-main-stick-meta":"","header-below-stick-meta":"","astra-migrate-meta-layouts":"set","ast-page-background-enabled":"default","ast-page-background-meta":{"desktop":{"background-color":"","background-image":"","background-repeat":"repeat","background-position":"center center","background-size":"auto","background-attachment":"scroll","background-type":"","background-media":"","overlay-type":"","overlay-color":"","overlay-opacity":"","overlay-gradient":""},"tablet":{"background-color":"","background-image":"","background-repeat":"repeat","background-position":"center center","background-size":"auto","background-attachment":"scroll","background-type":"","background-media":"","overlay-type":"","overlay-color":"","overlay-opacity":"","overlay-gradient":""},"mobile":{"background-color":"","background-image":"","background-repeat":"repeat","background-position":"center center","background-size":"auto","background-attachment":"scroll","background-type":"","background-media":"","overlay-type":"","overlay-color":"","overlay-opacity":"","overlay-gradient":""}},"ast-content-background-meta":{"desktop":{"background-color":"var(--ast-global-color-5)","background-image":"","background-repeat":"repeat","background-position":"center center","background-size":"auto","background-attachment":"scroll","background-type":"","background-media":"","overlay-type":"","overlay-color":"","overlay-opacity":"","overlay-gradient":""},"tablet":{"background-color":"var(--ast-global-color-5)","background-image":"","background-repeat":"repeat","background-position":"center center","background-size":"auto","background-attachment":"scroll","background-type":"","background-media":"","overlay-type":"","overlay-color":"","overlay-opacity":"","overlay-gradient":""},"mobile":{"background-color":"var(--ast-global-color-5)","background-image":"","background-repeat":"repeat","background-position":"center center","background-size":"auto","background-attachment":"scroll","background-type":"","background-media":"","overlay-type":"","overlay-color":"","overlay-opacity":"","overlay-gradient":""}},"footnotes":""},"categories":[1],"tags":[],"class_list":["post-4180","post","type-post","status-publish","format-standard","has-post-thumbnail","hentry","category-uncategorized"],"yoast_head":"<!-- This site is optimized with the Yoast SEO plugin v27.5 - https:\/\/yoast.com\/product\/yoast-seo-wordpress\/ -->\n<title>The Kareem Kandi World Orchestra  Mercredi 19 mars 20h - La note bleue<\/title>\n<meta name=\"robots\" content=\"index, follow, max-snippet:-1, max-image-preview:large, max-video-preview:-1\" \/>\n<link rel=\"canonical\" href=\"https:\/\/lanotebleue.mc\/en\/the-kareem-kandi-world-orchestra\/\" \/>\n<meta property=\"og:locale\" content=\"en_GB\" \/>\n<meta property=\"og:type\" content=\"article\" \/>\n<meta property=\"og:title\" content=\"The Kareem Kandi World Orchestra  Mercredi 19 mars 20h - La note bleue\" \/>\n<meta property=\"og:description\" content=\"The Kareem Kandi World Orchestra Mercredi 19 mars &#8211; 20h Jazz En passage furtif dans le Sud pour donner une masterclass, Kareem Kandi nous fais l\u2019honneur de pr\u00e9senter sa musique dans un format live enracin\u00e9 dans les traditions du Jazz, du Blues, du Classique et du Funk avec bien s\u00fbr un regard tourn\u00e9 vers l\u2019avant [&hellip;]\" \/>\n<meta property=\"og:url\" content=\"https:\/\/lanotebleue.mc\/en\/the-kareem-kandi-world-orchestra\/\" \/>\n<meta property=\"og:site_name\" content=\"La note bleue\" \/>\n<meta property=\"article:published_time\" content=\"2024-08-21T14:52:31+00:00\" \/>\n<meta property=\"article:modified_time\" content=\"2025-04-03T14:42:27+00:00\" \/>\n<meta property=\"og:image\" content=\"https:\/\/lanotebleue.mc\/wp-content\/uploads\/2024\/08\/CARRE-SITE-MARS-KAREEM-KANDI.jpg\" \/>\n\t<meta property=\"og:image:width\" content=\"1200\" \/>\n\t<meta property=\"og:image:height\" content=\"1200\" \/>\n\t<meta property=\"og:image:type\" content=\"image\/jpeg\" \/>\n<meta name=\"author\" content=\"Luc\" \/>\n<meta name=\"twitter:card\" content=\"summary_large_image\" \/>\n<meta name=\"twitter:label1\" content=\"Written by\" \/>\n\t<meta name=\"twitter:data1\" content=\"Luc\" \/>\n\t<meta name=\"twitter:label2\" content=\"Estimated reading time\" \/>\n\t<meta name=\"twitter:data2\" content=\"1 minute\" \/>\n<script type=\"application\/ld+json\" class=\"yoast-schema-graph\">{\"@context\":\"https:\\\/\\\/schema.org\",\"@graph\":[{\"@type\":\"Article\",\"@id\":\"https:\\\/\\\/lanotebleue.mc\\\/the-kareem-kandi-world-orchestra\\\/#article\",\"isPartOf\":{\"@id\":\"https:\\\/\\\/lanotebleue.mc\\\/the-kareem-kandi-world-orchestra\\\/\"},\"author\":{\"name\":\"Luc\",\"@id\":\"https:\\\/\\\/lanotebleue.mc\\\/#\\\/schema\\\/person\\\/70813bb5ea1bbc72415ffe9eb54a390f\"},\"headline\":\"The Kareem Kandi World Orchestra Mercredi 19 mars 20h\",\"datePublished\":\"2024-08-21T14:52:31+00:00\",\"dateModified\":\"2025-04-03T14:42:27+00:00\",\"mainEntityOfPage\":{\"@id\":\"https:\\\/\\\/lanotebleue.mc\\\/the-kareem-kandi-world-orchestra\\\/\"},\"wordCount\":85,\"publisher\":{\"@id\":\"https:\\\/\\\/lanotebleue.mc\\\/#organization\"},\"image\":{\"@id\":\"https:\\\/\\\/lanotebleue.mc\\\/the-kareem-kandi-world-orchestra\\\/#primaryimage\"},\"thumbnailUrl\":\"https:\\\/\\\/lanotebleue.mc\\\/wp-content\\\/uploads\\\/2024\\\/08\\\/CARRE-SITE-MARS-KAREEM-KANDI.jpg\",\"articleSection\":[\"Uncategorized\"],\"inLanguage\":\"en-GB\"},{\"@type\":\"WebPage\",\"@id\":\"https:\\\/\\\/lanotebleue.mc\\\/the-kareem-kandi-world-orchestra\\\/\",\"url\":\"https:\\\/\\\/lanotebleue.mc\\\/the-kareem-kandi-world-orchestra\\\/\",\"name\":\"The Kareem Kandi World Orchestra Mercredi 19 mars 20h - La note bleue\",\"isPartOf\":{\"@id\":\"https:\\\/\\\/lanotebleue.mc\\\/#website\"},\"primaryImageOfPage\":{\"@id\":\"https:\\\/\\\/lanotebleue.mc\\\/the-kareem-kandi-world-orchestra\\\/#primaryimage\"},\"image\":{\"@id\":\"https:\\\/\\\/lanotebleue.mc\\\/the-kareem-kandi-world-orchestra\\\/#primaryimage\"},\"thumbnailUrl\":\"https:\\\/\\\/lanotebleue.mc\\\/wp-content\\\/uploads\\\/2024\\\/08\\\/CARRE-SITE-MARS-KAREEM-KANDI.jpg\",\"datePublished\":\"2024-08-21T14:52:31+00:00\",\"dateModified\":\"2025-04-03T14:42:27+00:00\",\"breadcrumb\":{\"@id\":\"https:\\\/\\\/lanotebleue.mc\\\/the-kareem-kandi-world-orchestra\\\/#breadcrumb\"},\"inLanguage\":\"en-GB\",\"potentialAction\":[{\"@type\":\"ReadAction\",\"target\":[\"https:\\\/\\\/lanotebleue.mc\\\/the-kareem-kandi-world-orchestra\\\/\"]}]},{\"@type\":\"ImageObject\",\"inLanguage\":\"en-GB\",\"@id\":\"https:\\\/\\\/lanotebleue.mc\\\/the-kareem-kandi-world-orchestra\\\/#primaryimage\",\"url\":\"https:\\\/\\\/lanotebleue.mc\\\/wp-content\\\/uploads\\\/2024\\\/08\\\/CARRE-SITE-MARS-KAREEM-KANDI.jpg\",\"contentUrl\":\"https:\\\/\\\/lanotebleue.mc\\\/wp-content\\\/uploads\\\/2024\\\/08\\\/CARRE-SITE-MARS-KAREEM-KANDI.jpg\",\"width\":1200,\"height\":1200},{\"@type\":\"BreadcrumbList\",\"@id\":\"https:\\\/\\\/lanotebleue.mc\\\/the-kareem-kandi-world-orchestra\\\/#breadcrumb\",\"itemListElement\":[{\"@type\":\"ListItem\",\"position\":1,\"name\":\"Accueil\",\"item\":\"https:\\\/\\\/lanotebleue.mc\\\/\"},{\"@type\":\"ListItem\",\"position\":2,\"name\":\"The Kareem Kandi World Orchestra Mercredi 19 mars 20h\"}]},{\"@type\":\"WebSite\",\"@id\":\"https:\\\/\\\/lanotebleue.mc\\\/#website\",\"url\":\"https:\\\/\\\/lanotebleue.mc\\\/\",\"name\":\"La note bleue\",\"description\":\"\",\"publisher\":{\"@id\":\"https:\\\/\\\/lanotebleue.mc\\\/#organization\"},\"potentialAction\":[{\"@type\":\"SearchAction\",\"target\":{\"@type\":\"EntryPoint\",\"urlTemplate\":\"https:\\\/\\\/lanotebleue.mc\\\/?s={search_term_string}\"},\"query-input\":{\"@type\":\"PropertyValueSpecification\",\"valueRequired\":true,\"valueName\":\"search_term_string\"}}],\"inLanguage\":\"en-GB\"},{\"@type\":\"Organization\",\"@id\":\"https:\\\/\\\/lanotebleue.mc\\\/#organization\",\"name\":\"La note bleue\",\"url\":\"https:\\\/\\\/lanotebleue.mc\\\/\",\"logo\":{\"@type\":\"ImageObject\",\"inLanguage\":\"en-GB\",\"@id\":\"https:\\\/\\\/lanotebleue.mc\\\/#\\\/schema\\\/logo\\\/image\\\/\",\"url\":\"https:\\\/\\\/lanotebleue.mc\\\/wp-content\\\/uploads\\\/2021\\\/11\\\/cropped-logo-LNB.png\",\"contentUrl\":\"https:\\\/\\\/lanotebleue.mc\\\/wp-content\\\/uploads\\\/2021\\\/11\\\/cropped-logo-LNB.png\",\"width\":798,\"height\":70,\"caption\":\"La note bleue\"},\"image\":{\"@id\":\"https:\\\/\\\/lanotebleue.mc\\\/#\\\/schema\\\/logo\\\/image\\\/\"}},{\"@type\":\"Person\",\"@id\":\"https:\\\/\\\/lanotebleue.mc\\\/#\\\/schema\\\/person\\\/70813bb5ea1bbc72415ffe9eb54a390f\",\"name\":\"Luc\",\"image\":{\"@type\":\"ImageObject\",\"inLanguage\":\"en-GB\",\"@id\":\"https:\\\/\\\/secure.gravatar.com\\\/avatar\\\/2f8cb2f8fecf498f071e4866ae4b2d72112a2586d0aacae81b7d321f6dec36db?s=96&d=mm&r=g\",\"url\":\"https:\\\/\\\/secure.gravatar.com\\\/avatar\\\/2f8cb2f8fecf498f071e4866ae4b2d72112a2586d0aacae81b7d321f6dec36db?s=96&d=mm&r=g\",\"contentUrl\":\"https:\\\/\\\/secure.gravatar.com\\\/avatar\\\/2f8cb2f8fecf498f071e4866ae4b2d72112a2586d0aacae81b7d321f6dec36db?s=96&d=mm&r=g\",\"caption\":\"Luc\"},\"url\":\"https:\\\/\\\/lanotebleue.mc\\\/en\\\/author\\\/luc\\\/\"}]}<\/script>\n<!-- \/ Yoast SEO plugin. -->","yoast_head_json":{"title":"The Kareem Kandi World Orchestra  Mercredi 19 mars 20h - La note bleue","robots":{"index":"index","follow":"follow","max-snippet":"max-snippet:-1","max-image-preview":"max-image-preview:large","max-video-preview":"max-video-preview:-1"},"canonical":"https:\/\/lanotebleue.mc\/en\/the-kareem-kandi-world-orchestra\/","og_locale":"en_GB","og_type":"article","og_title":"The Kareem Kandi World Orchestra  Mercredi 19 mars 20h - La note bleue","og_description":"The Kareem Kandi World Orchestra Mercredi 19 mars &#8211; 20h Jazz En passage furtif dans le Sud pour donner une masterclass, Kareem Kandi nous fais l\u2019honneur de pr\u00e9senter sa musique dans un format live enracin\u00e9 dans les traditions du Jazz, du Blues, du Classique et du Funk avec bien s\u00fbr un regard tourn\u00e9 vers l\u2019avant [&hellip;]","og_url":"https:\/\/lanotebleue.mc\/en\/the-kareem-kandi-world-orchestra\/","og_site_name":"La note bleue","article_published_time":"2024-08-21T14:52:31+00:00","article_modified_time":"2025-04-03T14:42:27+00:00","og_image":[{"width":1200,"height":1200,"url":"https:\/\/lanotebleue.mc\/wp-content\/uploads\/2024\/08\/CARRE-SITE-MARS-KAREEM-KANDI.jpg","type":"image\/jpeg"}],"author":"Luc","twitter_card":"summary_large_image","twitter_misc":{"Written by":"Luc","Estimated reading time":"1 minute"},"schema":{"@context":"https:\/\/schema.org","@graph":[{"@type":"Article","@id":"https:\/\/lanotebleue.mc\/the-kareem-kandi-world-orchestra\/#article","isPartOf":{"@id":"https:\/\/lanotebleue.mc\/the-kareem-kandi-world-orchestra\/"},"author":{"name":"Luc","@id":"https:\/\/lanotebleue.mc\/#\/schema\/person\/70813bb5ea1bbc72415ffe9eb54a390f"},"headline":"The Kareem Kandi World Orchestra Mercredi 19 mars 20h","datePublished":"2024-08-21T14:52:31+00:00","dateModified":"2025-04-03T14:42:27+00:00","mainEntityOfPage":{"@id":"https:\/\/lanotebleue.mc\/the-kareem-kandi-world-orchestra\/"},"wordCount":85,"publisher":{"@id":"https:\/\/lanotebleue.mc\/#organization"},"image":{"@id":"https:\/\/lanotebleue.mc\/the-kareem-kandi-world-orchestra\/#primaryimage"},"thumbnailUrl":"https:\/\/lanotebleue.mc\/wp-content\/uploads\/2024\/08\/CARRE-SITE-MARS-KAREEM-KANDI.jpg","articleSection":["Uncategorized"],"inLanguage":"en-GB"},{"@type":"WebPage","@id":"https:\/\/lanotebleue.mc\/the-kareem-kandi-world-orchestra\/","url":"https:\/\/lanotebleue.mc\/the-kareem-kandi-world-orchestra\/","name":"The Kareem Kandi World Orchestra Mercredi 19 mars 20h - La note bleue","isPartOf":{"@id":"https:\/\/lanotebleue.mc\/#website"},"primaryImageOfPage":{"@id":"https:\/\/lanotebleue.mc\/the-kareem-kandi-world-orchestra\/#primaryimage"},"image":{"@id":"https:\/\/lanotebleue.mc\/the-kareem-kandi-world-orchestra\/#primaryimage"},"thumbnailUrl":"https:\/\/lanotebleue.mc\/wp-content\/uploads\/2024\/08\/CARRE-SITE-MARS-KAREEM-KANDI.jpg","datePublished":"2024-08-21T14:52:31+00:00","dateModified":"2025-04-03T14:42:27+00:00","breadcrumb":{"@id":"https:\/\/lanotebleue.mc\/the-kareem-kandi-world-orchestra\/#breadcrumb"},"inLanguage":"en-GB","potentialAction":[{"@type":"ReadAction","target":["https:\/\/lanotebleue.mc\/the-kareem-kandi-world-orchestra\/"]}]},{"@type":"ImageObject","inLanguage":"en-GB","@id":"https:\/\/lanotebleue.mc\/the-kareem-kandi-world-orchestra\/#primaryimage","url":"https:\/\/lanotebleue.mc\/wp-content\/uploads\/2024\/08\/CARRE-SITE-MARS-KAREEM-KANDI.jpg","contentUrl":"https:\/\/lanotebleue.mc\/wp-content\/uploads\/2024\/08\/CARRE-SITE-MARS-KAREEM-KANDI.jpg","width":1200,"height":1200},{"@type":"BreadcrumbList","@id":"https:\/\/lanotebleue.mc\/the-kareem-kandi-world-orchestra\/#breadcrumb","itemListElement":[{"@type":"ListItem","position":1,"name":"Accueil","item":"https:\/\/lanotebleue.mc\/"},{"@type":"ListItem","position":2,"name":"The Kareem Kandi World Orchestra Mercredi 19 mars 20h"}]},{"@type":"WebSite","@id":"https:\/\/lanotebleue.mc\/#website","url":"https:\/\/lanotebleue.mc\/","name":"La note bleue","description":"","publisher":{"@id":"https:\/\/lanotebleue.mc\/#organization"},"potentialAction":[{"@type":"SearchAction","target":{"@type":"EntryPoint","urlTemplate":"https:\/\/lanotebleue.mc\/?s={search_term_string}"},"query-input":{"@type":"PropertyValueSpecification","valueRequired":true,"valueName":"search_term_string"}}],"inLanguage":"en-GB"},{"@type":"Organization","@id":"https:\/\/lanotebleue.mc\/#organization","name":"La note bleue","url":"https:\/\/lanotebleue.mc\/","logo":{"@type":"ImageObject","inLanguage":"en-GB","@id":"https:\/\/lanotebleue.mc\/#\/schema\/logo\/image\/","url":"https:\/\/lanotebleue.mc\/wp-content\/uploads\/2021\/11\/cropped-logo-LNB.png","contentUrl":"https:\/\/lanotebleue.mc\/wp-content\/uploads\/2021\/11\/cropped-logo-LNB.png","width":798,"height":70,"caption":"La note bleue"},"image":{"@id":"https:\/\/lanotebleue.mc\/#\/schema\/logo\/image\/"}},{"@type":"Person","@id":"https:\/\/lanotebleue.mc\/#\/schema\/person\/70813bb5ea1bbc72415ffe9eb54a390f","name":"Luc","image":{"@type":"ImageObject","inLanguage":"en-GB","@id":"https:\/\/secure.gravatar.com\/avatar\/2f8cb2f8fecf498f071e4866ae4b2d72112a2586d0aacae81b7d321f6dec36db?s=96&d=mm&r=g","url":"https:\/\/secure.gravatar.com\/avatar\/2f8cb2f8fecf498f071e4866ae4b2d72112a2586d0aacae81b7d321f6dec36db?s=96&d=mm&r=g","contentUrl":"https:\/\/secure.gravatar.com\/avatar\/2f8cb2f8fecf498f071e4866ae4b2d72112a2586d0aacae81b7d321f6dec36db?s=96&d=mm&r=g","caption":"Luc"},"url":"https:\/\/lanotebleue.mc\/en\/author\/luc\/"}]}},"_links":{"self":[{"href":"https:\/\/lanotebleue.mc\/en\/wp-json\/wp\/v2\/posts\/4180","targetHints":{"allow":["GET"]}}],"collection":[{"href":"https:\/\/lanotebleue.mc\/en\/wp-json\/wp\/v2\/posts"}],"about":[{"href":"https:\/\/lanotebleue.mc\/en\/wp-json\/wp\/v2\/types\/post"}],"author":[{"embeddable":true,"href":"https:\/\/lanotebleue.mc\/en\/wp-json\/wp\/v2\/users\/3"}],"replies":[{"embeddable":true,"href":"https:\/\/lanotebleue.mc\/en\/wp-json\/wp\/v2\/comments?post=4180"}],"version-history":[{"count":8,"href":"https:\/\/lanotebleue.mc\/en\/wp-json\/wp\/v2\/posts\/4180\/revisions"}],"predecessor-version":[{"id":4315,"href":"https:\/\/lanotebleue.mc\/en\/wp-json\/wp\/v2\/posts\/4180\/revisions\/4315"}],"wp:featuredmedia":[{"embeddable":true,"href":"https:\/\/lanotebleue.mc\/en\/wp-json\/wp\/v2\/media\/4303"}],"wp:attachment":[{"href":"https:\/\/lanotebleue.mc\/en\/wp-json\/wp\/v2\/media?parent=4180"}],"wp:term":[{"taxonomy":"category","embeddable":true,"href":"https:\/\/lanotebleue.mc\/en\/wp-json\/wp\/v2\/categories?post=4180"},{"taxonomy":"post_tag","embeddable":true,"href":"https:\/\/lanotebleue.mc\/en\/wp-json\/wp\/v2\/tags?post=4180"}],"curies":[{"name":"wp","href":"https:\/\/api.w.org\/{rel}","templated":true}]}}